{"id":9870,"date":"2025-10-17T10:49:14","date_gmt":"2025-10-17T13:49:14","guid":{"rendered":"https:\/\/copaiba.org.br\/?p=9870"},"modified":"2025-10-17T10:49:14","modified_gmt":"2025-10-17T13:49:14","slug":"dia-do-educador-ambiental-reforca-a-importancia-da-conscientizacao-e-do-cuidado-com-o-planeta","status":"publish","type":"post","link":"https:\/\/copaiba.org.br\/en\/dia-do-educador-ambiental-reforca-a-importancia-da-conscientizacao-e-do-cuidado-com-o-planeta\/","title":{"rendered":"Environmental Educator&#039;s Day reinforces the importance of awareness and care for the planet"},"content":{"rendered":"<p><i><span style=\"font-weight: 400;\">Copa\u00edba reinforces the importance of creating more conscious generations committed to the future of the planet<\/span><\/i><\/p>\n<p><span style=\"font-weight: 400;\">October 15th is recognized as Environmental Educator&#039;s Day, and according to Law No. 9.795\/1999, environmental education is mandatory at all levels and modalities of education and must be integrated and continuous in school curricula. The legislation reinforces that environmental education is not a one-off activity, but a shared responsibility among schools, governments, businesses, and civil society.<\/span><\/p>\n<p><span style=\"font-weight: 400;\">In a scenario marked by climate change and the increasing loss of biodiversity, environmental education takes on even more urgency as one of the key strategies for promoting a more balanced relationship between society and nature. More than just curricular content, it&#039;s a process of developing values, attitudes, and practices focused on sustainability and environmental citizenship.<\/span><\/p>\n<p><span style=\"font-weight: 400;\">To <a href=\"https:\/\/copaiba.org.br\/en\/copaiba\/\"><strong>Viviane Candotta Gabriel<\/strong><\/a>, environmental educator at <strong><a href=\"https:\/\/www.instagram.com\/aacopaiba\/\">Copa\u00edb Environmental Association<\/a>The<\/strong>, the topic needs to be treated as a priority in public policies and pedagogical practices. &quot;Environmental education goes far beyond the classroom. It&#039;s an invitation to reflect on our habits and how each individual action has a collective impact. When the topic is consistently addressed in schools, it becomes part of the civic development of children and young people,&quot; he states.<\/span><\/p>\n<p><span style=\"font-weight: 400;\">With over two decades of experience in ecological restoration of the Atlantic Forest and community mobilization, Copa\u00edba develops projects that connect students with nature and encourage experiential learning. &quot;Educational initiatives awaken a sense of belonging and show that everyone can be an agent of change. It&#039;s inspiring to see a child participate in a planting project and begin to see themselves as part of the forest,&quot; Viviane emphasizes.<\/span><\/p>\n<p><span style=\"font-weight: 400;\">The educator also emphasizes that investing in environmental education is investing in prevention. &quot;When governments and educational institutions make this commitment, they are contributing to reducing environmental risks, improving quality of life, and developing more conscious citizens. Environmental education is, above all, a tool for social transformation,&quot; she says.<\/span><\/p>\n<p><span style=\"font-weight: 400;\">For her, the most beautiful impact of this work lies in the small changes that multiply. &quot;When a child learns about the importance of a tree and teaches it at home, we see the transformation begin. It&#039;s at this moment that knowledge becomes care, and care becomes the future.&quot;<\/span><\/p>\n<p><span style=\"font-weight: 400;\">Copa\u00edba maintains a comprehensive environmental education initiative, open to schools, universities, businesses, and other institutions interested in experiencing firsthand the value of conserving and restoring the Atlantic Forest. Learn more at: <\/span><a href=\"https:\/\/copaiba.org.br\/en\/educacao-ambiental\/\"><span style=\"font-weight: 400;\">https:\/\/copaiba.org.br\/educacao-ambiental\/<\/span><\/a><span style=\"font-weight: 400;\">.\u00a0<\/span><\/p>","protected":false},"excerpt":{"rendered":"<p>Copa\u00edba refor\u00e7a a import\u00e2ncia de formar gera\u00e7\u00f5es mais conscientes e  [&#8230;]<\/p>\n","protected":false},"author":1,"featured_media":9871,"comment_status":"closed","ping_status":"closed","sticky":false,"template":"","format":"standard","meta":{"_acf_changed":false,"footnotes":""},"categories":[215,214],"tags":[331,327,250,273,326,328,253,282,274,330,329],"class_list":["post-9870","post","type-post","status-publish","format-standard","has-post-thumbnail","hentry","category-educacao-ambiental","category-imprensa","tag-acoes-educativas","tag-associacao-copaiba","tag-copaiba","tag-educacao","tag-educador-ambiental","tag-escolas","tag-mata-atlantica","tag-meio-ambiente","tag-natureza","tag-planeta","tag-universidades"],"acf":[],"_links":{"self":[{"href":"https:\/\/copaiba.org.br\/en\/wp-json\/wp\/v2\/posts\/9870","targetHints":{"allow":["GET"]}}],"collection":[{"href":"https:\/\/copaiba.org.br\/en\/wp-json\/wp\/v2\/posts"}],"about":[{"href":"https:\/\/copaiba.org.br\/en\/wp-json\/wp\/v2\/types\/post"}],"author":[{"embeddable":true,"href":"https:\/\/copaiba.org.br\/en\/wp-json\/wp\/v2\/users\/1"}],"replies":[{"embeddable":true,"href":"https:\/\/copaiba.org.br\/en\/wp-json\/wp\/v2\/comments?post=9870"}],"version-history":[{"count":2,"href":"https:\/\/copaiba.org.br\/en\/wp-json\/wp\/v2\/posts\/9870\/revisions"}],"predecessor-version":[{"id":9873,"href":"https:\/\/copaiba.org.br\/en\/wp-json\/wp\/v2\/posts\/9870\/revisions\/9873"}],"wp:featuredmedia":[{"embeddable":true,"href":"https:\/\/copaiba.org.br\/en\/wp-json\/wp\/v2\/media\/9871"}],"wp:attachment":[{"href":"https:\/\/copaiba.org.br\/en\/wp-json\/wp\/v2\/media?parent=9870"}],"wp:term":[{"taxonomy":"category","embeddable":true,"href":"https:\/\/copaiba.org.br\/en\/wp-json\/wp\/v2\/categories?post=9870"},{"taxonomy":"post_tag","embeddable":true,"href":"https:\/\/copaiba.org.br\/en\/wp-json\/wp\/v2\/tags?post=9870"}],"curies":[{"name":"wp","href":"https:\/\/api.w.org\/{rel}","templated":true}]}}