{"id":10305,"date":"2026-04-28T16:30:20","date_gmt":"2026-04-28T19:30:20","guid":{"rendered":"https:\/\/copaiba.org.br\/?p=10305"},"modified":"2026-04-28T16:45:53","modified_gmt":"2026-04-28T19:45:53","slug":"wwf-brasil-e-copaiba-assumem-coordenacao-do-pacto-pela-restauracao-da-mata-atlantica","status":"publish","type":"post","link":"https:\/\/copaiba.org.br\/en\/wwf-brasil-e-copaiba-assumem-coordenacao-do-pacto-pela-restauracao-da-mata-atlantica\/","title":{"rendered":"WWF-Brazil and Copa\u00edba assume coordination of the Pact for the Restoration of the Atlantic Forest."},"content":{"rendered":"<h2><b>WWF-Brazil and Copa\u00edba assume coordination of the Pact for the Restoration of the Atlantic Forest.<\/b><\/h2>\n<p><span style=\"font-weight: 400;\">O m\u00eas de abril de 2026 marcou o in\u00edcio de uma nova gest\u00e3o no <a href=\"https:\/\/pactomataatlantica.org.br\/\"><strong>Pact for the Restoration of the Atlantic Forest<\/strong><\/a>, que ap\u00f3s elei\u00e7\u00e3o,\u00a0 passou a ser coordenado pela <strong><a href=\"https:\/\/www.wwf.org.br\/\">WWF-Brasil<\/a> and <a href=\"https:\/\/copaiba.org.br\/en\/\">Copaiba Environmental Association<\/a><\/strong>.\u00a0 A nova gest\u00e3o ter\u00e1 dura\u00e7\u00e3o de tr\u00eas anos e assume em um momento onde a import\u00e2ncia da refloresta\u00e7\u00e3o ecol\u00f3gica \u00e9 vista como prioridade no enfrentamento da crise clim\u00e1tica instalada em todo o planeta.\u00a0<\/span><\/p>\n<p><span style=\"font-weight: 400;\">A nova gest\u00e3o do <strong>Pacto<\/strong> ter\u00e1 a coordena\u00e7\u00e3o de Daniel Venturi, do <strong>WWF-Brasil<\/strong>, que \u00e9 especialista em conserva\u00e7\u00e3o e restaura\u00e7\u00e3o, com atua\u00e7\u00e3o em pol\u00edticas p\u00fablicas, finan\u00e7as para restaura\u00e7\u00e3o e iniciativas em escala de paisagem, e vice-coordena\u00e7\u00e3o de Ana Paula Balderi, da <strong>Copaiba<\/strong>, que \u00e9 bi\u00f3loga e refer\u00eancia em restaura\u00e7\u00e3o ecol\u00f3gica, com quase tr\u00eas d\u00e9cadas de atua\u00e7\u00e3o no territ\u00f3rio, incluindo produ\u00e7\u00e3o de mudas nativas e mobiliza\u00e7\u00e3o de produtores rurais.<\/span><\/p>\n<p><span style=\"font-weight: 400;\">Para o per\u00edodo 2026\u20132029, a nova coordena\u00e7\u00e3o prop\u00f5e aprofundar agendas estruturantes do <strong>Pacto<\/strong>, com foco em ampliar a escala, a qualidade e a sustentabilidade das a\u00e7\u00f5es de restaura\u00e7\u00e3o. O objetivo \u00e9 integrar a vis\u00e3o estrat\u00e9gica e capacidade de articula\u00e7\u00e3o com experi\u00eancia pr\u00e1tica no territ\u00f3rio, fortalecendo a conex\u00e3o entre pol\u00edticas p\u00fablicas, financiamento e implementa\u00e7\u00e3o. \u201cA gente sabe que restaurar em escala n\u00e3o \u00e9 s\u00f3 aumentar \u00e1rea \u2014 \u00e9 garantir que isso aconte\u00e7a com qualidade e continuidade no territ\u00f3rio. E isso depende de fortalecer quem est\u00e1 implementando e organizando essa agenda localmente\u201d, refor\u00e7a Ana Paula.<\/span><\/p>\n<h3><b>Pact for the Restoration of the Atlantic Forest<\/b><\/h3>\n<p><span style=\"font-weight: 400;\">Ao longo de sua trajet\u00f3ria, o <strong>Pact for the Restoration of the Atlantic Forest<\/strong> se consolidou como um espa\u00e7o de articula\u00e7\u00e3o multissetorial, capaz de conectar diferentes atores em torno de uma agenda comum. Criado h\u00e1 17 anos, o Pacto re\u00fane atualmente 372 organiza\u00e7\u00f5es, entre organiza\u00e7\u00f5es da sociedade civil, empresas, governos e institui\u00e7\u00f5es de pesquisa, com o objetivo de ampliar a escala, a efetividade e o monitoramento da restaura\u00e7\u00e3o no bioma. O movimento tem como meta recuperar 15 milh\u00f5es de hectares de Mata Atl\u00e2ntica at\u00e9 2050.<\/span><\/p>\n<p><span style=\"font-weight: 400;\">A nova coordena\u00e7\u00e3o busca fortalecer esse papel, posicionando o <strong>Pacto<\/strong> como um elo entre estrat\u00e9gias nacionais, iniciativas territoriais e fluxos de financiamento, em um cen\u00e1rio em que a restaura\u00e7\u00e3o ganha centralidade nas agendas clim\u00e1tica e de desenvolvimento.<\/span><\/p>\n<p><span style=\"font-weight: 400;\">Segundo Daniel Venturi, \u201cmais do que ampliar \u00e1reas restauradas, o desafio do pr\u00f3ximo ciclo ser\u00e1 garantir que a restaura\u00e7\u00e3o se consolide como uma agenda estruturante de desenvolvimento sustent\u00e1vel, capaz de gerar benef\u00edcios ambientais, sociais e econ\u00f4micos de forma integrada.\u201d<\/span><\/p>\n<h3><b>Copaiba<\/b><\/h3>\n<p><span style=\"font-weight: 400;\">THE <strong>Copaiba Environmental Association<\/strong> \u00e9 uma Organiza\u00e7\u00e3o da Sociedade Civil de Interesse P\u00fablico (OSCIP), sem fins lucrativos, com sede no munic\u00edpio de Socorro (SP), que atua desde 1999 com a miss\u00e3o de conservar e restaurar a Mata Atl\u00e2ntica nas bacias dos rios do Peixe e Camanducaia. Presente em 19 munic\u00edpios dessa regi\u00e3o, a Copa\u00edba desenvolve a\u00e7\u00f5es integradas nas \u00e1reas de pol\u00edtica p\u00fablicas, educa\u00e7\u00e3o ambiental, produ\u00e7\u00e3o de mudas nativas e restaura\u00e7\u00e3o ecol\u00f3gica promovendo a reconex\u00e3o das pessoas com a natureza e contribuindo para a prote\u00e7\u00e3o dos recursos naturais, em especial da \u00e1gua e da biodiversidade. Conhe\u00e7a mais sobre a Copa\u00edba no site\u00a0 <\/span><a href=\"https:\/\/copaiba.org.br\/en\/\"><span style=\"font-weight: 400;\">www.copaiba.org.br<\/span><\/a><\/p>\n<h3><b>WWF-Brasil<\/b><\/h3>\n<p><span style=\"font-weight: 400;\">O <strong>WWF-Brasil<\/strong> \u00e9 uma ONG brasileira que h\u00e1 30 anos atua coletivamente com parceiros da sociedade civil, academia, governos e empresas em todo pa\u00eds para combater a degrada\u00e7\u00e3o socioambiental e defender a vida das pessoas e da natureza. Estamos conectados numa rede interdependente que busca solu\u00e7\u00f5es urgentes para a emerg\u00eancia clim\u00e1tica. Conhe\u00e7a mais sobre a WWF-Brasil no site <\/span><a href=\"http:\/\/wwf.org.br\"><span style=\"font-weight: 400;\">wwf.org.br<\/span><\/a><\/p>\n<p>&nbsp;<\/p>\n<p><i>Foto Legenda: A\u0301rea no Sul da Bahia em processo de regenerac\u0327a\u0303o por projetos de restaurac\u0327a\u0303o florestal. Foto cedida por Patrick Bo\u0308ttger<\/i><\/p>","protected":false},"excerpt":{"rendered":"<p>WWF-Brasil e Copa\u00edba assumem coordena\u00e7\u00e3o do Pacto pela Restaura\u00e7\u00e3o da  [&#8230;]<\/p>\n","protected":false},"author":1,"featured_media":10306,"comment_status":"closed","ping_status":"closed","sticky":false,"template":"","format":"standard","meta":{"_acf_changed":false,"footnotes":""},"categories":[283,214,207],"tags":[356],"class_list":["post-10305","post","type-post","status-publish","format-standard","has-post-thumbnail","hentry","category-datas","category-imprensa","category-politicas-publicas","tag-pacto"],"acf":[],"_links":{"self":[{"href":"https:\/\/copaiba.org.br\/en\/wp-json\/wp\/v2\/posts\/10305","targetHints":{"allow":["GET"]}}],"collection":[{"href":"https:\/\/copaiba.org.br\/en\/wp-json\/wp\/v2\/posts"}],"about":[{"href":"https:\/\/copaiba.org.br\/en\/wp-json\/wp\/v2\/types\/post"}],"author":[{"embeddable":true,"href":"https:\/\/copaiba.org.br\/en\/wp-json\/wp\/v2\/users\/1"}],"replies":[{"embeddable":true,"href":"https:\/\/copaiba.org.br\/en\/wp-json\/wp\/v2\/comments?post=10305"}],"version-history":[{"count":1,"href":"https:\/\/copaiba.org.br\/en\/wp-json\/wp\/v2\/posts\/10305\/revisions"}],"predecessor-version":[{"id":10307,"href":"https:\/\/copaiba.org.br\/en\/wp-json\/wp\/v2\/posts\/10305\/revisions\/10307"}],"wp:featuredmedia":[{"embeddable":true,"href":"https:\/\/copaiba.org.br\/en\/wp-json\/wp\/v2\/media\/10306"}],"wp:attachment":[{"href":"https:\/\/copaiba.org.br\/en\/wp-json\/wp\/v2\/media?parent=10305"}],"wp:term":[{"taxonomy":"category","embeddable":true,"href":"https:\/\/copaiba.org.br\/en\/wp-json\/wp\/v2\/categories?post=10305"},{"taxonomy":"post_tag","embeddable":true,"href":"https:\/\/copaiba.org.br\/en\/wp-json\/wp\/v2\/tags?post=10305"}],"curies":[{"name":"wp","href":"https:\/\/api.w.org\/{rel}","templated":true}]}}